{"id":472,"date":"2019-12-31T12:31:57","date_gmt":"2019-12-31T09:31:57","guid":{"rendered":"http:\/\/eylemabaci.com\/?p=472"},"modified":"2019-12-31T12:31:59","modified_gmt":"2019-12-31T09:31:59","slug":"recap-of-2019-my-new-years-resolutions","status":"publish","type":"post","link":"http:\/\/eylemabaci.com\/tr\/personal\/recap-of-2019-my-new-years-resolutions\/","title":{"rendered":"2019&#8217;un Dersleri ve Yeni Y\u0131l Planlar\u0131m"},"content":{"rendered":"\n<p><\/p>\n\n\n\n<p>Her y\u0131l sonu, o y\u0131l\u0131n bana neler \u00f6\u011fretti\u011fini yazar, yeni y\u0131lda neler hedefledi\u011fimi payla\u015f\u0131r\u0131m sizinle. 2019&#8217;a girerken \u015fu c\u00fcmlelere yer vermi\u015fim;<\/p>\n\n\n\n<blockquote class=\"wp-block-quote is-style-large\"><p>&#8220;Her sey i\u00e7in te\u015fekk\u00fcrler 2018, benim i\u00e7in \u00e7ok anlaml\u0131, g\u00fczel dersler veren bir y\u0131l oldun. Ve bu dersleri hala burada payla\u015fabiliyor olmak da beni \u00e7ok mutlu eden bir \u015fey. Peki 2019&#8217;dan beklentilerim neler? Ne olsun&#8230; d\u00fc\u015f\u00fcrs\u00fcn kald\u0131rs\u0131n, bir \u015feyler \u00f6\u011fretsin. Ki\u015fili\u011fime katk\u0131 sa\u011flas\u0131n, farkl\u0131 challenge&#8217;lar sunsun bana, zorlas\u0131n ve hedeflerime ula\u015ft\u0131rs\u0131n. \u015eu an 2019&#8217;a meydan m\u0131 okudum ben ya? Evren nas\u0131l anlar bilemem, ama 2019&#8217;un da \u00fcstesinden gelece\u011fiz, bunu biliyorum. Sa\u011fl\u0131\u011f\u0131m\u0131z s\u0131hhatimiz yerinde oldu\u011fu s\u00fcrece her \u015feyin \u00fcstesinden gelebiliriz. Bol gezmeli tozmal\u0131, sevmeli, a\u015f\u0131k olmal\u0131, muhte\u015fem bir y\u0131l diliyorum herkese.&nbsp;<br>*Bu y\u0131l yolumuzun kesi\u015fece\u011fi ki\u015filere k\u00fc\u00e7\u00fck bir not;&nbsp;karman\u0131 sak\u0131n kirletmek i\u00e7in gelme. \u0130yi ol, iyi olal\u0131m. Easy easy.&#8221;<\/p><\/blockquote>\n\n\n\n<p>Bu yaz\u0131ya ba\u015flamadan \u00f6nce de eski yazd\u0131\u011f\u0131m y\u0131l sonu yaz\u0131lar\u0131m\u0131 okudum ve neler ya\u015fad\u0131\u011f\u0131m\u0131, y\u0131llar\u0131n bana neler \u00f6\u011fretti\u011fini tekrarlad\u0131m. Peki 2019 nas\u0131l ge\u00e7ti? 1-2 kelimeyle \u00f6zetlemem gerekseydi, &#8216;insan ili\u015fkileri&#8217; olurdu se\u00e7ece\u011fim \u015fey. Bu y\u0131l ili\u015fkiler konusunda \u00e7ok s\u0131nand\u0131m. \u0130nsanlara dair ge\u00e7emedi\u011fim s\u0131navlar tekrar tekrar \u00f6n\u00fcme geldi, ve defalarca ya\u015famama sebep oldu. 2019 beni insanlarla tan\u0131\u015ft\u0131rd\u0131, insanlardan ay\u0131rd\u0131. Ayn\u0131 zamanda g\u00f6rmezden geldi\u011fim baz\u0131 \u00f6zelliklerimi g\u00f6z\u00fcme g\u00f6z\u00fcme soktu ve fark etmemi sa\u011flad\u0131&#8230;<\/p>\n\n\n\n<p class=\"has-drop-cap\"><strong>Hi\u00e7bir \u015fey, g\u00f6r\u00fcnd\u00fc\u011f\u00fc gibi de\u011fildir.<\/strong> Biz her \u015feyi \u00e7ok iyi bildi\u011fimizi d\u00fc\u015f\u00fcn\u00fcr\u00fcz, her \u015feye hakim oldu\u011fumuzu zannederiz &#8211; ama \u00f6yle de\u011fildir \u00e7o\u011fu zaman. Perde arkas\u0131nda \u00e7evrilen film, sahnedeki g\u00f6steriden \u00e7ok daha y\u00fcksek puan al\u0131rd\u0131 herhalde IMDB&#8217;de. Hatta gi\u015fe rekoru bile k\u0131rard\u0131!  Ne var ki, perde arkas\u0131n\u0131 g\u00f6rmemiz \u00e7ok fazla zaman al\u0131r \u00e7o\u011fu zaman, ya da hi\u00e7 g\u00f6rmeyiz &#8211; belki de b\u00f6yle olmal\u0131d\u0131r. Ben her \u015feyin bir sebebi oldu\u011funa inan\u0131r\u0131m, ya\u015fad\u0131\u011f\u0131m\u0131z b\u00fct\u00fcn olumlu veya olumsuz \u015feylerin bizi bir yola itmeye ve bize bir \u015feyler \u00f6\u011fretmeye \u00e7al\u0131\u015ft\u0131\u011f\u0131n\u0131 d\u00fc\u015f\u00fcn\u00fcr\u00fcm. <strong>Tek mesele, bu dersi alacak kadar bilin\u00e7li yakla\u015fmakt\u0131r olaylara, \u00e7\u00fcnk\u00fc o ders al\u0131nana kadar ya\u015fad\u0131\u011f\u0131m\u0131z olumsuzluklar tekrarlan\u0131r.<\/strong> Benim hayat\u0131mda hep b\u00f6yle oldu. 2019&#8217;da da ayn\u0131 \u015fekilde. \u0130nand\u0131\u011f\u0131m her \u015feyi sorgulamam\u0131 istedi benden, ve kar\u015f\u0131ma bamba\u015fka ger\u00e7ekler \u00e7\u0131kard\u0131.<\/p>\n\n\n\n<p class=\"has-drop-cap\">\u0130nsanlar her zaman tan\u0131d\u0131\u011f\u0131m\u0131z\u0131 d\u00fc\u015f\u00fcnd\u00fc\u011f\u00fcm\u00fcz ki\u015filer de\u011fillerdir ayn\u0131 zamanda. Sadece bize en iyi y\u00f6nlerini g\u00f6stererek, onlar\u0131 sevmemizi, hayat\u0131m\u0131za dahil etmemizi sa\u011flarlar. Bu y\u0131l \u00f6\u011frendi\u011fim \u015fey; <strong>insanlar\u0131n birden fazla maskesi oldu\u011fudur<\/strong>. Ve biz, bu maskeler aras\u0131ndan en iyi olan\u0131n\u0131 g\u00f6rmek isteriz, \u00e7\u00fcnk\u00fc inanmak isteriz sadece. Herkesi kendimiz gibi g\u00f6r\u00fcr\u00fcz, konduramay\u0131z belki baz\u0131 \u015feyleri. Ama bu ger\u00e7ek hayatta b\u00f6yle de\u011fildir. Biz, g\u00f6rmek istedi\u011fimiz gibi de\u011fil de, somut olaylar\u0131 de\u011ferlendirerek, o ki\u015finin bize kar\u015f\u0131 olan tutumuna bakarak tan\u0131maya \u00e7al\u0131\u015fmal\u0131y\u0131z insanlar\u0131. Ve \u015funu asla unutmamak gerekir; <strong>2 ayl\u0131k tan\u0131d\u0131\u011f\u0131n bir insan\u0131, 20 y\u0131ld\u0131r tan\u0131d\u0131\u011f\u0131n bir insana k\u0131yasla, \u00e7ok daha h\u0131zl\u0131 harcars\u0131n<\/strong>. Yani birini yeni tan\u0131maya ba\u015fl\u0131yorsan\u0131z, o ki\u015fi i\u00e7in \u00e7ok da \u00f6zel biri oldu\u011funuzu d\u00fc\u015f\u00fcnmeyin (size \u00f6yle hissettiriyor olsa dahi). Ben sosyal medyaya ba\u011fl\u0131yorum bu durumu, ama herkesin yerinin \u00e7ok h\u0131zl\u0131 doldurulabilme d\u00fc\u015f\u00fcncesi a\u015f\u0131lanmaya ba\u015flan\u0131ld\u0131 hepimize. <strong>Hepimizin aln\u0131nda sanki son t\u00fcketim tarihi yaz\u0131yor<\/strong>. Demek istedi\u011fim \u015fey, s\u00fcreli bakmaya ba\u015flad\u0131k her \u015feye. Ak\u0131\u015fa inanm\u0131yoruz, acele ediyoruz ve her \u015feyi \u00e7ok h\u0131zl\u0131 t\u00fcketiyoruz. Sevgiyi, a\u015fk\u0131, sayg\u0131y\u0131, mutlulu\u011fu, dostlu\u011fu, g\u00fcveni, sadakati&#8230; ben bu basitlikten \u00e7ok s\u0131k\u0131ld\u0131m.<\/p>\n\n\n\n<div class=\"wp-block-cover has-very-light-gray-background-color has-background-dim has-parallax has-background-dim-NaN\" style=\"background-image:url(http:\/\/eylemabaci.com\/wp-content\/uploads\/2019\/12\/2019a-1-scaled.jpg)\"><div class=\"wp-block-cover__inner-container\">\n<p class=\"has-text-color has-text-align-right has-large-font-size has-very-dark-gray-color\"><em>Hayvanlar insanlardan daha iyi,<br>insanlar delirmi\u015f.<\/em><\/p>\n<\/div><\/div>\n\n\n\n<p><\/p>\n\n\n\n<p class=\"has-drop-cap\">Maya&#8217;yla ge\u00e7irdi\u011fimiz ilk y\u0131l\u0131m\u0131zd\u0131 bu. Bir kedi sahiplenmek verdi\u011fim en do\u011fru kararlardan biriydi 2018&#8217;in sonlar\u0131nda. 2019&#8217;da Maya&#8217;yla birbirimizi tan\u0131d\u0131k, birbirimizle sonsuz sevgimizi payla\u015ft\u0131k. Ger\u00e7ekten, bir hayvan\u0131n sevgisi d\u00fcnyadaki en de\u011ferli \u015feylerden biri. D\u00fc\u015f\u00fcnsenize, onlar kendilerini bizim gibi ifade edemiyorlar, ama bizi sevdiklerini hissettirebiliyorlar. Maya \u00e7ok \u00f6zel bir kedi, o bana \u0130stanbul&#8217;un bir hediyesi. Kendimi k\u00f6t\u00fc hissetti\u011fimde adeta beni teselli etmek i\u00e7in \u00e7abal\u0131yor, yan\u0131mdan ayr\u0131lm\u0131yor. Regl sanc\u0131lar\u0131mda kuca\u011f\u0131ma yat\u0131p \u0131s\u0131 veriyor. \u015eehir d\u0131\u015f\u0131na \u00e7\u0131kt\u0131\u011f\u0131mda beni \u00f6zl\u00fcyor ve d\u00f6nd\u00fc\u011f\u00fcmde mutluluktan yerlerde yuvarlan\u0131p \u00fcst\u00fcme atl\u0131yor. Hatta beni \u00f6p\u00fcyor. \ud83d\ude00 <strong>2019&#8217;da \u00f6\u011frendi\u011fim bir \u015fey, bir hayvanla dertle\u015febilmek oldu<\/strong>. Biz birbirimizi anl\u0131yoruz, ve bu muazzam bir \u015fey.<\/p>\n\n\n\n<div class=\"wp-block-media-text alignwide is-stacked-on-mobile is-vertically-aligned-top\" style=\"grid-template-columns:32% auto\"><figure class=\"wp-block-media-text__media\"><img decoding=\"async\" loading=\"lazy\" width=\"300\" height=\"533\" src=\"http:\/\/eylemabaci.com\/wp-content\/uploads\/2019\/12\/ezgif.com-resize.gif\" alt=\"\" class=\"wp-image-526\"\/><\/figure><div class=\"wp-block-media-text__content\">\n<p class=\"has-drop-cap has-normal-font-size\">Seyahat etmek yine en sevdi\u011fim \u015feylerden biri oldu. Ge\u00e7en y\u0131llara k\u0131yasla bu y\u0131l \u00e7ok fazla yurtd\u0131\u015f\u0131 seyahatim olmad\u0131, birka\u00e7 kez Almanya ve en son Roma d\u0131\u015f\u0131nda. 2018&#8217;de Tayland, Bali, Malezya, Singapur gibi Uzakdo\u011fu \u00fclkelerine seyahatlerimden sonra bu y\u0131l olduk\u00e7a sakin ge\u00e7mi\u015f oldu benim i\u00e7in. Ancak T\u00fcrkiye i\u00e7inde s\u0131k s\u0131k seyahat ettim ve kendi \u00fclkemi tan\u0131maya \u00e7al\u0131\u015ft\u0131m. Bu y\u0131l beni en b\u00fcy\u00fcleyen yer kesinlikle Kapadokya&#8217;yd\u0131. Hayal etti\u011fimden \u00e7ok daha g\u00fczeldi inan\u0131n. Zaten <strong>balon turu \u00e7ocuklu\u011fumdan beri hayalimdi, bunu ger\u00e7ekle\u015ftirdim bu y\u0131l<\/strong>. Onun d\u0131\u015f\u0131nda keyifli bir at turu yapt\u0131m Peri Bacalar\u0131&#8217;n\u0131n muazzam manzaras\u0131 e\u015fli\u011finde. <br><br>Ama Kapadokya hakk\u0131nda daha ayr\u0131nt\u0131l\u0131 bir post yay\u0131nlayaca\u011f\u0131m blogta, beklemede kal\u0131n. \ud83d\ude42<\/p>\n<\/div><\/div>\n\n\n\n<p class=\"has-drop-cap\">B\u0131rakabilmeyi \u00f6\u011frendim 2019&#8217;da. Uzun y\u0131llard\u0131r \u00fcst\u00fcmde asl\u0131nda &#8216;y\u00fck&#8217; olan \u015feyleri, ki\u015fileri, duygular\u0131, d\u00fc\u015f\u00fcnceleri hayat\u0131mdan \u00e7\u0131kard\u0131\u011f\u0131m bir y\u0131l oldu. <strong>Ba\u011f kopard\u0131m ve \u00f6zg\u00fcrle\u015ftim asl\u0131nda.<\/strong> Sabit fikirlerim salland\u0131, g\u00fcvendi\u011fim da\u011flara kar ya\u011fd\u0131, inand\u0131\u011f\u0131m \u015feylerin \u00fczerinde soru i\u015fareti belirdi, asla elveda diyemeyece\u011fimi d\u00fc\u015f\u00fcnd\u00fc\u011f\u00fcm \u015feylere &#8216;cehennemin dibine kadar yolun var&#8217; diyebildim. Ayn\u0131 zamanda ge\u00e7mi\u015ften kalan konular g\u00fcndeme geldi ve hesapla\u015fmalar tamamland\u0131. K\u0131sacas\u0131 hayat\u0131mdan ve akl\u0131mdan \u00e7\u0131kmas\u0131 gerekenleri 2019 \u00e7abas\u0131zca \u00e7\u0131kard\u0131, resetledi beni. \u015eu an 2020&#8217;ye bu kadar yal\u0131n ve sade girebilecek olmak beni mutlu ediyor ve yeni \u015feyler i\u00e7in \u00fcmitlendiriyor. G\u00fczel \u015feyler i\u00e7in haz\u0131r\u0131m!<\/p>\n\n\n\n<p class=\"has-drop-cap\">Ve en \u00f6nemlisi&#8230; imgeleyerek hayalini kurdu\u011fumuz her \u015feyi hayat\u0131m\u0131za \u00e7a\u011f\u0131rd\u0131\u011f\u0131m\u0131z\u0131 \u00f6\u011frendim. \u00c7ok istemek, hayalini kurmak ve ger\u00e7ekle\u015fece\u011fine inanmak, evrenle konu\u015fman\u0131n bir yoluymu\u015f. Her \u015fey dilimizin ve kalbimizin ucunda. <strong>\u0130nan, \u00e7ok iste, ve sabret.<\/strong> Ayr\u0131ca kendimizi ifade etmek i\u00e7in kulland\u0131\u011f\u0131m\u0131z kelimelerde de \u00f6zenli olmam\u0131z gerekir. Ne zaman &#8216;ba\u015f\u0131ma niye b\u00f6yle bir \u015fey geldi&#8217; diye yak\u0131nd\u0131\u011f\u0131mda, o \u015feyin ayn\u0131s\u0131n\u0131 tekrar ya\u015f\u0131yorum. Belki de evren &#8216;herhalde anlamad\u0131, tekrar ya\u015fas\u0131n belki o zaman anlar&#8217; diyerek ben anlayana kadar ayn\u0131 s\u0131nava sokuyor. D\u00fc\u015f\u00fcncelerimi daha olumlu y\u00f6ne itti\u011fimden ve her olayda do\u011fru mesaj\u0131 \u00e7\u0131karmaya ba\u015flad\u0131\u011f\u0131mdan beri bir \u015fekilde her \u015fey yolunda gitmeye ba\u015flad\u0131. Bence kelimeler \u00e7ok g\u00fc\u00e7l\u00fc!<\/p>\n\n\n\n<p class=\"has-medium-font-size\">K\u0131sa k\u0131sa 2019&#8217;da ba\u015fka neler oldu&#8230;<\/p>\n\n\n\n<ul><li>Baleye d\u00f6nd\u00fcm ve pilatese ba\u015flad\u0131m.<\/li><li>\u0130lk d\u00f6vmemi yapt\u0131rd\u0131m.<\/li><li>REVO Facial Aesthetics&#8217;in marka temsilcisi oldum.<\/li><li>Yemek yapmay\u0131 \u00f6\u011frendim, hala biraz \u00fc\u015fensem de yeni y\u0131lda geli\u015ftirebilece\u011fime inan\u0131yorum. \ud83d\ude00<\/li><li>Say\u0131s\u0131z Be\u015fikta\u015f ma\u00e7\u0131na gittim ve stres att\u0131m.<\/li><li>De\u011fi\u015ftim, tecr\u00fcbelerle olgunla\u015ft\u0131m, sivri yanlar\u0131m\u0131 biraz daha t\u00f6rp\u00fcledim.<\/li><li>Neyi istedi\u011fimi bilmekten ziyade, art\u0131k neyi istemedi\u011fimi \u00e7ok daha net biliyorum.<\/li><li>Eskiden de b\u00f6yleydi, ama art\u0131k \u00e7ok daha g\u00f6z\u00fc karay\u0131m. Bana iyi hissettirmeyen, dengemi bozan her \u015feyden kolayl\u0131kla s\u0131yr\u0131labiliyorum. Hi\u00e7bir \u015fey veya hi\u00e7 kimse benim i\u00e7in vazge\u00e7ilmez de\u011fil. Zor duruma d\u00fc\u015fece\u011fimi de bilsem eyvallah\u0131m olmaz, net.<\/li><\/ul>\n\n\n\n<div class=\"wp-block-cover has-very-light-gray-background-color has-background-dim has-background-dim-NaN\" style=\"background-image:url(http:\/\/eylemabaci.com\/wp-content\/uploads\/2019\/12\/2019a-scaled.jpg)\"><div class=\"wp-block-cover__inner-container\">\n<div class=\"wp-block-image\"><figure class=\"aligncenter size-large is-resized\"><img decoding=\"async\" loading=\"lazy\" src=\"http:\/\/eylemabaci.com\/wp-content\/uploads\/2019\/12\/2020a-1024x303.png\" alt=\"\" class=\"wp-image-552\" width=\"512\" height=\"152\" srcset=\"http:\/\/eylemabaci.com\/wp-content\/uploads\/2019\/12\/2020a-1024x303.png 1024w, http:\/\/eylemabaci.com\/wp-content\/uploads\/2019\/12\/2020a-300x89.png 300w, http:\/\/eylemabaci.com\/wp-content\/uploads\/2019\/12\/2020a-768x227.png 768w, http:\/\/eylemabaci.com\/wp-content\/uploads\/2019\/12\/2020a-1536x454.png 1536w, http:\/\/eylemabaci.com\/wp-content\/uploads\/2019\/12\/2020a-2048x606.png 2048w, http:\/\/eylemabaci.com\/wp-content\/uploads\/2019\/12\/2020a-203x60.png 203w\" sizes=\"(max-width: 512px) 100vw, 512px\" \/><\/figure><\/div>\n<\/div><\/div>\n\n\n\n<p><\/p>\n\n\n\n<p>2018 i\u00e7in kendime deli gibi hedefler koydu\u011fum ve somut planlar yapt\u0131\u011f\u0131m y\u0131lba\u015f\u0131n\u0131n aksine, 2019 kendime \u00e7ok fazla hedef koymay\u0131p ak\u0131\u015f\u0131na b\u0131rakmak, an\u0131 ya\u015famak istedi\u011fim bir y\u0131l olmu\u015ftu a\u00e7\u0131k\u00e7as\u0131. Nitekim \u00f6yle de oldu ve \u015funu tecr\u00fcbe ettim; yeni y\u0131la hedeflerimi listelemeden girdi\u011fimde o y\u0131l\u0131 toparlayam\u0131yorum ve somut plan yapacak &#8216;vaktim kalm\u0131yor&#8217;. Bu y\u00fczden ben bu y\u0131l yeniden kendime hedefler koymak istiyorum. Elime ka\u011f\u0131t kalem al\u0131p \u015fimdi listeleyece\u011fim akl\u0131mdan, ruhumdan ge\u00e7enleri. \u015eu an imkans\u0131z gibi g\u00f6r\u00fcnse bile baz\u0131 \u015feyler, bir hayal uza\u011f\u0131m\u0131zda asl\u0131nda, yaz gitsin. Ancak listemin tamam\u0131n\u0131 burada payla\u015fmay\u0131 uygun g\u00f6rm\u00fcyorum, zira bana \u00f6zel ve dillendirip b\u00fcy\u00fcs\u00fcn\u00fc bozmak istemedi\u011fim \u015feyler de var. Kaba taslak, daha genel ve k\u00fc\u00e7\u00fck \u015feyleri sizinle payla\u015faca\u011f\u0131m. Belki size de ilham olur hedeflerinizi yazarken. \ud83d\ude42<\/p>\n\n\n\n<ul><li>2020&#8217;nin ba\u015f\u0131nda benim i\u00e7in \u00e7ok b\u00fcy\u00fck bir \u015fey planl\u0131 zaten, \u015fimdilik beni o heyecanland\u0131r\u0131yor. Ne oldu\u011funu maalesef a\u00e7\u0131k a\u00e7\u0131k s\u00f6yleyemem, sadece iyi ge\u00e7mesini diliyorum ve iyi olaca\u011f\u0131na inan\u0131yorum. \ud83d\ude42<\/li><li>Bool bol seyahat etmek! Daha \u00f6nce gitmedi\u011fim en az 2 \u00fclkeye gitmek diye detayland\u0131ral\u0131m hatta bunu.<\/li><li>4 dil biliyorum, buna be\u015fincisini eklemek istiyorum: \u0130talyanca.<\/li><li>Fevri \u00e7\u0131k\u0131\u015flar\u0131m\u0131 t\u00f6rp\u00fclemek bir di\u011fer hedefim. Daha sakin bir insan olmaya \u00e7al\u0131\u015faca\u011f\u0131m 2020&#8217;de. <\/li><li>G\u00fcnde en az 2 litre su i\u00e7me al\u0131\u015fkanl\u0131\u011f\u0131 edinmek.<\/li><li>Sporu asla aksatmamak, d\u00fczenli y\u00fczmek, fitness ve pilates yapmak.<\/li><li>Evde daha s\u0131k yemek yapmak ve sa\u011fl\u0131kl\u0131 beslenmek.<\/li><li>Bana g\u00fcven vermeyen veya negatif enerji veren hi\u00e7bir \u015feyi, hi\u00e7 kimseyi hayat\u0131ma almamak.<\/li><li>Ge\u00e7mi\u015ften kalan hi\u00e7bir \u015fey kalmad\u0131 hayat\u0131mda, hesaplar kapand\u0131. Bu y\u00fczden geriye bakmamak, aksine yeni \u015feylere yer a\u00e7mak.<\/li><li>Blogum ve Instagram hesab\u0131m konusunda daha istikrarl\u0131 olmak.<\/li><li>Ayda en az 1 kitap bitirmek. Maalesef son d\u00f6nemde yo\u011funluktan kitap okuyam\u0131yorum. Daha do\u011frusu dikkatimi veremiyorum, bunu de\u011fi\u015ftirece\u011fim.<\/li><li>\u00dc\u015fenmemek &#038; ertelememek! <\/li><\/ul>\n\n\n\n<p>Peki sizin 2019&#8217;da \u00f6\u011frendi\u011finiz en \u00f6nemli \u015fey ne oldu, ve 2020 hedefleriniz neler? \u015eimdiden herkese sa\u011fl\u0131k, mutluluk, a\u015fk, sevgi, bolluk ve bereket dolu yeni y\u0131l diliyorum. Umar\u0131m g\u00f6nl\u00fcn\u00fczdeki her \u015fey \u00e7ok daha g\u00fczel bir \u015fekilde ger\u00e7ekle\u015fir ve \u00fclkemiz i\u00e7in hay\u0131rl\u0131 bir y\u0131l olur 2020! Mutlu y\u0131llar!<br><br>Eyl.<\/p>\n","protected":false},"excerpt":{"rendered":"<p>Her y\u0131l sonu, o y\u0131l\u0131n bana neler \u00f6\u011fretti\u011fini yazar, yeni y\u0131lda neler hedefledi\u011fimi payla\u015f\u0131r\u0131m sizinle. 2019&#8217;a girerken \u015fu c\u00fcmlelere yer vermi\u015fim; &#8220;Her sey i\u00e7in te\u015fekk\u00fcrler 2018, benim i\u00e7in \u00e7ok anlaml\u0131, g\u00fczel dersler veren bir y\u0131l oldun. Ve bu dersleri hala burada payla\u015fabiliyor olmak da beni \u00e7ok mutlu eden bir \u015fey. Peki 2019&#8217;dan beklentilerim neler? Ne &hellip; <\/p>\n","protected":false},"author":1,"featured_media":467,"comment_status":"open","ping_status":"open","sticky":false,"template":"","format":"standard","meta":[],"categories":[17],"tags":[24,26,9],"translation":{"provider":"WPGlobus","version":"2.10.5","language":"tr","enabled_languages":["en","tr"],"languages":{"en":{"title":true,"content":true,"excerpt":false},"tr":{"title":true,"content":true,"excerpt":false}}},"_links":{"self":[{"href":"http:\/\/eylemabaci.com\/tr\/wp-json\/wp\/v2\/posts\/472"}],"collection":[{"href":"http:\/\/eylemabaci.com\/tr\/wp-json\/wp\/v2\/posts"}],"about":[{"href":"http:\/\/eylemabaci.com\/tr\/wp-json\/wp\/v2\/types\/post"}],"author":[{"embeddable":true,"href":"http:\/\/eylemabaci.com\/tr\/wp-json\/wp\/v2\/users\/1"}],"replies":[{"embeddable":true,"href":"http:\/\/eylemabaci.com\/tr\/wp-json\/wp\/v2\/comments?post=472"}],"version-history":[{"count":80,"href":"http:\/\/eylemabaci.com\/tr\/wp-json\/wp\/v2\/posts\/472\/revisions"}],"predecessor-version":[{"id":592,"href":"http:\/\/eylemabaci.com\/tr\/wp-json\/wp\/v2\/posts\/472\/revisions\/592"}],"wp:featuredmedia":[{"embeddable":true,"href":"http:\/\/eylemabaci.com\/tr\/wp-json\/wp\/v2\/media\/467"}],"wp:attachment":[{"href":"http:\/\/eylemabaci.com\/tr\/wp-json\/wp\/v2\/media?parent=472"}],"wp:term":[{"taxonomy":"category","embeddable":true,"href":"http:\/\/eylemabaci.com\/tr\/wp-json\/wp\/v2\/categories?post=472"},{"taxonomy":"post_tag","embeddable":true,"href":"http:\/\/eylemabaci.com\/tr\/wp-json\/wp\/v2\/tags?post=472"}],"curies":[{"name":"wp","href":"https:\/\/api.w.org\/{rel}","templated":true}]}}