{"id":299,"date":"2019-12-25T00:33:22","date_gmt":"2019-12-24T21:33:22","guid":{"rendered":"http:\/\/eylemabaci.com\/?p=299"},"modified":"2019-12-25T18:42:44","modified_gmt":"2019-12-25T15:42:44","slug":"finally-im-back","status":"publish","type":"post","link":"http:\/\/eylemabaci.com\/tr\/personal\/finally-im-back\/","title":{"rendered":"Ee, nerede kalm\u0131\u015ft\u0131k?"},"content":{"rendered":"\n<p><\/p>\n\n\n\n<blockquote class=\"wp-block-quote has-text-align-left is-style-large\"><p>\u00c7ok \u015fey de\u011fi\u015fti, ve bu yolculu\u011fumda yazd\u0131klar\u0131m\u0131 kendime saklamak, kendi i\u00e7ime akmak, i\u00e7imdeki okyanusu geni\u015fletmek ve zihnimin ula\u015fmad\u0131\u011f\u0131m co\u011frafyalar\u0131na \u00e7arpmak istedim.<\/p><\/blockquote>\n\n\n\n<p class=\"has-text-align-left\">12 Temmuz 2014 \u2013 blogumu ilk a\u00e7t\u0131\u011f\u0131m g\u00fcn\u00fc d\u00fcn gibi hat\u0131rl\u0131yorum. O klavyenin ba\u015f\u0131na ge\u00e7menin benim hayat\u0131mda nas\u0131l b\u00fcy\u00fck bir etkisi olaca\u011f\u0131ndan habersizce d\u00f6kmeye ba\u015flam\u0131\u015ft\u0131m kelimelerimi dijital g\u00fcnl\u00fc\u011f\u00fcme. Beni okuyan ki\u015fi say\u0131s\u0131 artt\u0131k\u00e7a, i\u00e7imdeki heyecan b\u00fcy\u00fcyordu. 100&#8230; 1.000&#8230;. 10.000&#8230; 100.000&#8230; say\u0131m\u0131z giderek art\u0131yordu \u2013 ama buradaki en \u00f6nemli husus; bu hi\u00e7bir zaman benim amac\u0131m olmam\u0131\u015ft\u0131. O zamanlar influencerl\u0131k kavram\u0131 diye bir \u015fey de yoktu zaten, bloggerlar yaz\u0131yordu, ama bu i\u015ften ciddi paralar kazanan yoktu bu d\u00f6nemde. Ve belki de biz \u015fu an yeni ba\u015flayacak olanlara g\u00f6re \u015fansl\u0131yd\u0131k. \u00c7\u00fcnk\u00fc \u00f6zg\u00fcr, ve bu y\u00fczden de \u00f6zg\u00fcnd\u00fck. Kendimiz olabiliyorduk yazarken, d\u00fc\u015f\u00fcncelerimizi hi\u00e7bir menfaat g\u00fctmeden dile getirebiliyorduk. Bu i\u015fin s\u0131rr\u0131; \u00f6zg\u00fcn olmak. Bunu ba\u015faranlar \u015fu an \u00e7ok iyi yerlere geldiler. <\/p>\n\n\n\n<p><a href=\"http:\/\/www.eylevant.com\"><em>eylevant.com<\/em><\/a> benim kendi ellerimle, emeklerimle b\u00fcy\u00fctt\u00fc\u011f\u00fcm bebe\u011fim, ilk g\u00f6z a\u011fr\u0131m. Her \u015fey orada ba\u015flad\u0131. Yazmaya ba\u015flad\u0131\u011f\u0131m g\u00fcn, beni \u015fu an ya\u015fad\u0131\u011f\u0131m hayata g\u00f6t\u00fcrece\u011fini hayal etmem bile imkans\u0131zd\u0131. Ama buraday\u0131m. Her \u015fey de\u011fi\u015fti&#8230; ya\u015fad\u0131\u011f\u0131m ev, \u015fehir, hatta \u00fclke \u2013 i\u015fim \u2013 \u00e7evrem \u2013 d\u00fc\u015f\u00fcncelerim \u2013 bak\u0131\u015f a\u00e7\u0131m \u2013 ben. De\u011fi\u015fmeyen tek \u015fey do\u011frular\u0131md\u0131r. Ve \u015fu an burada yaz\u0131yorsam, bu do\u011frular\u0131m\u0131n \u00fcr\u00fcn\u00fcd\u00fcr. Onlar e\u011filip b\u00fck\u00fclmedik\u00e7e, ben cesur oldum, risk ald\u0131m, baz\u0131 kap\u0131lar\u0131 a\u00e7abilmek i\u00e7in baz\u0131lar\u0131n\u0131 kapatt\u0131m. <\/p>\n\n\n\n<div class=\"wp-block-cover has-very-light-gray-background-color has-background-dim has-parallax\" style=\"background-image:url(http:\/\/eylemabaci.com\/wp-content\/uploads\/2019\/12\/lifestyle-scaled.jpg)\"><div class=\"wp-block-cover__inner-container\">\n<p class=\"has-text-color has-text-align-right has-large-font-size has-very-dark-gray-color\"><strong>Yeni bir kap\u0131 a\u00e7mak i\u00e7in,<\/strong><br><strong>di\u011ferini kapat\u0131yorum.<\/strong><\/p>\n<\/div><\/div>\n\n\n\n<p><\/p>\n\n\n\n<p>Peki neden yeni bir websiteye ge\u00e7tim? Bug\u00fcn sizinle konu\u015fmak istedi\u011fim as\u0131l konu bu. Son bir y\u0131ld\u0131r <a href=\"http:\/\/www.eylevant.com\">eylevant.com<\/a>&#8216;da yeni bir yaz\u0131 gelmiyordu zaten, olabildi\u011fince kendimi Instagram storylerde ifade etmeye \u00e7al\u0131\u015f\u0131yordum. Bahanem hep <em>&#8216;blogum i\u00e7in vaktim yok&#8217;<\/em> oldu, ama mesele asl\u0131nda bu de\u011filmi\u015f. Ben kendimi blogumda iyi hissetmiyormu\u015fum art\u0131k, bir nevi s\u0131k\u0131lm\u0131\u015f\u0131m. Yazmaktan de\u011fil, \u00e7\u00fcnk\u00fc yazmaya hep devam ettim. Bilgisayar\u0131mda devasa bir ar\u015fiv var, derlesem bir kitap bile \u00e7\u0131kabilir. Yani sorun hi\u00e7bir zaman yazmay\u0131 istememek olmad\u0131. Ben blogumu kendim i\u00e7in yetersiz buluyordum, yapmak istediklerimi yapam\u0131yordum, site beni altyap\u0131s\u0131 dolay\u0131s\u0131yla \u00e7ok k\u0131s\u0131tl\u0131yordu. Yani konu tamamen teknik ve ben bunu a\u015fam\u0131yordum. Bu y\u00fczden maalesef (u\u011fra\u015fmad\u0131\u011f\u0131m i\u00e7in de) yaz\u0131lara ara vermi\u015f oldum. <\/p>\n\n\n\n<p>Ama tek sebebi bu de\u011fil, i\u00e7erik anlam\u0131nda da karar vermem gerekiyordu. <strong>Bir g\u00fcn noldu anlatay\u0131m; <\/strong>yine laptop kuca\u011f\u0131mda bir yaz\u0131ya ba\u015flad\u0131m. O kadar iyi gidiyordu ki <em>&#8216;bu benim en iyi postum olacak&#8217; <\/em>dedim, ama o yaz\u0131y\u0131 asla yay\u0131nlamad\u0131m. Tam o nokta bir d\u00f6n\u00fcm noktas\u0131 oldu benim i\u00e7in; yaz\u0131y\u0131 payla\u015fmak istemedim ve bu ara sadece kendim i\u00e7in yazacak olmam\u0131 anlad\u0131m. Blogumun nereye gidece\u011fine karar vermem gerekiyordu, t\u0131kand\u0131m. Kendime bask\u0131 kurmak da istemedim a\u00e7\u0131k\u00e7as\u0131, \u0130stanbul&#8217;a yeni ta\u015f\u0131nm\u0131\u015ft\u0131m ve kendime zaman vermem gerekiyordu. Bu konu hakk\u0131nda daha sonra daha detayl\u0131 konu\u015furuz, malum son bir y\u0131ld\u0131r anlatmak istedi\u011fim \u015feyler birikti ve art\u0131k haz\u0131r\u0131m. \ud83d\ude42<\/p>\n\n\n\n<div class=\"wp-block-cover has-very-light-gray-background-color has-background-dim has-parallax\" style=\"background-image:url(http:\/\/eylemabaci.com\/wp-content\/uploads\/2019\/12\/blog-scaled-e1577120404937.jpg)\"><div class=\"wp-block-cover__inner-container\">\n<p style=\"font-size:80px\" class=\"has-text-color has-text-align-right has-very-dark-gray-color\"><em>D\u00f6nd\u00fcm&#8230;<\/em><\/p>\n<\/div><\/div>\n\n\n\n<p><\/p>\n\n\n\n<p>Eski blogumu kapatmayaca\u011f\u0131m, ancak oradan devam etmeyece\u011fim de. Art\u0131k buraday\u0131m. Bunu s\u00f6ylemek benim i\u00e7in b\u00fcy\u00fck bir ad\u0131m, \u00e7\u00fcnk\u00fc geldi\u011fim yeri geride b\u0131rak\u0131yormu\u015fum gibi hissettiriyor. Siz hala o yaz\u0131lar\u0131 okuyabileceksiniz, ancak ben oradan gitmi\u015f olaca\u011f\u0131m. Benimle yeni tan\u0131\u015fanlara bahsetmeyece\u011fim bile belki <a href=\"http:\/\/www.eylevant.com\">eylevant.com<\/a>&#8216;dan, bu bir nevi ba\u015fka bir \u015fehre ta\u015f\u0131nmak gibi. Ama ben b\u00f6yleyim, hi\u00e7bir yere ait de\u011filim. Hi\u00e7bir yer, hi\u00e7bir \u015fey ve hi\u00e7 kimse benim i\u00e7in sonsuza dek demir ataca\u011f\u0131m liman de\u011fil. Bunun ad\u0131 \u00f6zg\u00fcrl\u00fck, ba\u011flar\u0131ndan kopmak, kendin olmak, kendin kalmak ve kendinle mutlu olmak. Daha \u00f6zg\u00fcr olabilece\u011fim ve d\u00fc\u015f\u00fcncelerimi daha kreatif bir \u015fekilde aktarabilece\u011fim bir platforma ihtiyac\u0131m vard\u0131, ben de 3 g\u00fcn uyumad\u0131m ve bu siteyi kurdum. Yeni bir eve ta\u015f\u0131n\u0131r gibi, her \u015feyi \u00f6zenle tasarlad\u0131m. Art\u0131k buraday\u0131z arkada\u015flar, ceketinizi \u015f\u00f6yle b\u0131rak\u0131n, biraz muhabbet edelim. Ne dersiniz? \ud83d\ude42<\/p>\n","protected":false},"excerpt":{"rendered":"<p>\u00c7ok \u015fey de\u011fi\u015fti, ve bu yolculu\u011fumda yazd\u0131klar\u0131m\u0131 kendime saklamak, kendi i\u00e7ime akmak, i\u00e7imdeki okyanusu geni\u015fletmek ve zihnimin ula\u015fmad\u0131\u011f\u0131m co\u011frafyalar\u0131na \u00e7arpmak istedim.<\/p>\n","protected":false},"author":1,"featured_media":169,"comment_status":"open","ping_status":"open","sticky":false,"template":"","format":"standard","meta":[],"categories":[17],"tags":[],"translation":{"provider":"WPGlobus","version":"2.10.5","language":"tr","enabled_languages":["en","tr"],"languages":{"en":{"title":true,"content":true,"excerpt":false},"tr":{"title":true,"content":true,"excerpt":true}}},"_links":{"self":[{"href":"http:\/\/eylemabaci.com\/tr\/wp-json\/wp\/v2\/posts\/299"}],"collection":[{"href":"http:\/\/eylemabaci.com\/tr\/wp-json\/wp\/v2\/posts"}],"about":[{"href":"http:\/\/eylemabaci.com\/tr\/wp-json\/wp\/v2\/types\/post"}],"author":[{"embeddable":true,"href":"http:\/\/eylemabaci.com\/tr\/wp-json\/wp\/v2\/users\/1"}],"replies":[{"embeddable":true,"href":"http:\/\/eylemabaci.com\/tr\/wp-json\/wp\/v2\/comments?post=299"}],"version-history":[{"count":54,"href":"http:\/\/eylemabaci.com\/tr\/wp-json\/wp\/v2\/posts\/299\/revisions"}],"predecessor-version":[{"id":353,"href":"http:\/\/eylemabaci.com\/tr\/wp-json\/wp\/v2\/posts\/299\/revisions\/353"}],"wp:featuredmedia":[{"embeddable":true,"href":"http:\/\/eylemabaci.com\/tr\/wp-json\/wp\/v2\/media\/169"}],"wp:attachment":[{"href":"http:\/\/eylemabaci.com\/tr\/wp-json\/wp\/v2\/media?parent=299"}],"wp:term":[{"taxonomy":"category","embeddable":true,"href":"http:\/\/eylemabaci.com\/tr\/wp-json\/wp\/v2\/categories?post=299"},{"taxonomy":"post_tag","embeddable":true,"href":"http:\/\/eylemabaci.com\/tr\/wp-json\/wp\/v2\/tags?post=299"}],"curies":[{"name":"wp","href":"https:\/\/api.w.org\/{rel}","templated":true}]}}